{"id":285,"date":"2022-01-11T13:45:33","date_gmt":"2022-01-11T12:45:33","guid":{"rendered":"https:\/\/www.die-seesterne.de\/?p=285"},"modified":"2022-07-06T10:45:11","modified_gmt":"2022-07-06T08:45:11","slug":"die-seesterne-schollenbraten-wangerland-schillig-hooksiel-2022","status":"publish","type":"post","link":"https:\/\/www.die-seesterne.de\/index.php\/2022\/01\/11\/die-seesterne-schollenbraten-wangerland-schillig-hooksiel-2022\/","title":{"rendered":"DIE SEESTERNE Schollenbraten Wangerland Schillig Hooksiel 2022"},"content":{"rendered":"\n<p>Mittwoch, 20.07.2022 \u2013 Strand in Schillig, <br>Beginn Verkauf ab 11:00 Uhr [NW 12:12 Uhr] <br>Donnerstag, 04.08.2022 \u2013 Strand Hooksiel, <br>Beginn Verkauf ab 11:00 Uhr [NW 11:35 Uhr]  <\/p>\n\n\n\n<p>Dass auch unter freiem Himmel mitten im Watt ein Gourmeterlebnis m\u00f6glich ist, beweisen die Chefs und K\u00f6che der zehn Restaurants bereits in den letzten Jahren! Mit dem Ablaufen des Wassers beginnen die Vorbereitungen und es muss alles Hand in Hand gehen, denn der zeitliche Rahmen ist wegen der Gezeiten ja begrenzt und das erfordert eine logistische Meisterleistung! Ab 11:00 Uhr beginnt jeweils das gro\u00dfe Bruzzeln und der Duft von gebratenem Fisch lockt die hungrigen Besucher in Scharen an! Zu den Schollenfilets wird leckerer Kartoffelsalat gereicht und sogar ein frisch gezapftes Jever Pils. Die Veranstaltung endet gegen 14 Uhr damit alles vor dem n\u00e4chsten Hochwasser wieder auf dem Trockenen ist! <\/p>\n\n\n\n<p>Wir m\u00f6chten Sie darauf hinweisen das in Schillig und Hooksiel  Strandbad Eintritt und Parkgeb\u00fchren zu zahlen sind. Danke f\u00fcr Ihr  Verst\u00e4ndnis.<br>\u00c4nderung vorbehalten. Bei Wind und Wetter f\u00e4llt die Veranstaltung leider aus. <\/p>\n\n\n\n<p>Aktuell liegen keine Einschr\u00e4nkungen zur Pandemie vor. Bei Einschr\u00e4nkungen informieren wir hier kurzfristig.<\/p>\n","protected":false},"excerpt":{"rendered":"<p>Mittwoch, 20.07.2022 \u2013 Strand in Schillig, Beginn Verkauf ab 11:00 Uhr [NW 12:12 Uhr] Donnerstag, 04.08.2022 \u2013 Strand Hooksiel, Beginn &hellip; <a href=\"https:\/\/www.die-seesterne.de\/index.php\/2022\/01\/11\/die-seesterne-schollenbraten-wangerland-schillig-hooksiel-2022\/\" class=\"more-link\"><span class=\"screen-reader-text\">DIE SEESTERNE Schollenbraten Wangerland Schillig Hooksiel 2022<\/span> weiterlesen<\/a><\/p>\n","protected":false},"author":2,"featured_media":217,"comment_status":"closed","ping_status":"closed","sticky":false,"template":"","format":"standard","meta":{"_jetpack_memberships_contains_paid_content":false,"footnotes":""},"categories":[1],"tags":[],"class_list":["post-285","post","type-post","status-publish","format-standard","has-post-thumbnail","hentry","category-allgemein"],"jetpack_featured_media_url":"https:\/\/www.die-seesterne.de\/wp-content\/uploads\/2019\/07\/schollenbraten-im-watt-hooksiel-009.jpg","jetpack_sharing_enabled":true,"_links":{"self":[{"href":"https:\/\/www.die-seesterne.de\/index.php\/wp-json\/wp\/v2\/posts\/285","targetHints":{"allow":["GET"]}}],"collection":[{"href":"https:\/\/www.die-seesterne.de\/index.php\/wp-json\/wp\/v2\/posts"}],"about":[{"href":"https:\/\/www.die-seesterne.de\/index.php\/wp-json\/wp\/v2\/types\/post"}],"author":[{"embeddable":true,"href":"https:\/\/www.die-seesterne.de\/index.php\/wp-json\/wp\/v2\/users\/2"}],"replies":[{"embeddable":true,"href":"https:\/\/www.die-seesterne.de\/index.php\/wp-json\/wp\/v2\/comments?post=285"}],"version-history":[{"count":8,"href":"https:\/\/www.die-seesterne.de\/index.php\/wp-json\/wp\/v2\/posts\/285\/revisions"}],"predecessor-version":[{"id":294,"href":"https:\/\/www.die-seesterne.de\/index.php\/wp-json\/wp\/v2\/posts\/285\/revisions\/294"}],"wp:featuredmedia":[{"embeddable":true,"href":"https:\/\/www.die-seesterne.de\/index.php\/wp-json\/wp\/v2\/media\/217"}],"wp:attachment":[{"href":"https:\/\/www.die-seesterne.de\/index.php\/wp-json\/wp\/v2\/media?parent=285"}],"wp:term":[{"taxonomy":"category","embeddable":true,"href":"https:\/\/www.die-seesterne.de\/index.php\/wp-json\/wp\/v2\/categories?post=285"},{"taxonomy":"post_tag","embeddable":true,"href":"https:\/\/www.die-seesterne.de\/index.php\/wp-json\/wp\/v2\/tags?post=285"}],"curies":[{"name":"wp","href":"https:\/\/api.w.org\/{rel}","templated":true}]}}